{"id":12336,"date":"2025-11-12T11:46:34","date_gmt":"2025-11-12T12:46:34","guid":{"rendered":"https:\/\/www.stj.cv\/?p=12336"},"modified":"2025-11-13T11:34:04","modified_gmt":"2025-11-13T12:34:04","slug":"missao-do-supremo-tribunal-de-justica-a-macau-e-a-china-continental","status":"publish","type":"post","link":"https:\/\/www.stj.cv\/index.php\/2025\/11\/12\/missao-do-supremo-tribunal-de-justica-a-macau-e-a-china-continental\/","title":{"rendered":"Miss\u00e3o do Supremo Tribunal de Justi\u00e7a a Macau e \u00e0 China Continental"},"content":{"rendered":"\t\t<div data-elementor-type=\"wp-post\" data-elementor-id=\"12336\" class=\"elementor elementor-12336\">\n\t\t\t\t\t\t<section class=\"elementor-section elementor-top-section elementor-element elementor-element-7b45df0 elementor-section-boxed elementor-section-height-default elementor-section-height-default\" data-id=\"7b45df0\" data-element_type=\"section\" data-e-type=\"section\">\n\t\t\t\t\t\t<div class=\"elementor-container elementor-column-gap-default\">\n\t\t\t\t\t<div class=\"elementor-column elementor-col-100 elementor-top-column elementor-element elementor-element-248d8cd\" data-id=\"248d8cd\" data-element_type=\"column\" data-e-type=\"column\">\n\t\t\t<div class=\"elementor-widget-wrap elementor-element-populated\">\n\t\t\t\t\t\t<div class=\"elementor-element elementor-element-312027e elementor-widget elementor-widget-image\" data-id=\"312027e\" data-element_type=\"widget\" data-e-type=\"widget\" data-widget_type=\"image.default\">\n\t\t\t\t<div class=\"elementor-widget-container\">\n\t\t\t\t\t\t\t\t\t\t\t\t\t\t\t<img fetchpriority=\"high\" decoding=\"async\" width=\"1024\" height=\"683\" src=\"https:\/\/www.stj.cv\/wp-content\/uploads\/2025\/11\/1W2A3342-1024x683.jpg\" class=\"attachment-large size-large wp-image-12392\" alt=\"\" srcset=\"https:\/\/www.stj.cv\/wp-content\/uploads\/2025\/11\/1W2A3342-1024x683.jpg 1024w, https:\/\/www.stj.cv\/wp-content\/uploads\/2025\/11\/1W2A3342-300x200.jpg 300w, https:\/\/www.stj.cv\/wp-content\/uploads\/2025\/11\/1W2A3342-768x512.jpg 768w, https:\/\/www.stj.cv\/wp-content\/uploads\/2025\/11\/1W2A3342-1536x1024.jpg 1536w, https:\/\/www.stj.cv\/wp-content\/uploads\/2025\/11\/1W2A3342-2048x1365.jpg 2048w, https:\/\/www.stj.cv\/wp-content\/uploads\/2025\/11\/1W2A3342-600x400.jpg 600w\" sizes=\"(max-width: 1024px) 100vw, 1024px\" \/>\t\t\t\t\t\t\t\t\t\t\t\t\t\t\t<\/div>\n\t\t\t\t<\/div>\n\t\t\t\t\t<\/div>\n\t\t<\/div>\n\t\t\t\t\t<\/div>\n\t\t<\/section>\n\t\t\t\t<section class=\"elementor-section elementor-top-section elementor-element elementor-element-981f4ef elementor-section-boxed elementor-section-height-default elementor-section-height-default\" data-id=\"981f4ef\" data-element_type=\"section\" data-e-type=\"section\">\n\t\t\t\t\t\t<div class=\"elementor-container elementor-column-gap-default\">\n\t\t\t\t\t<div class=\"elementor-column elementor-col-100 elementor-top-column elementor-element elementor-element-eb1d639\" data-id=\"eb1d639\" data-element_type=\"column\" data-e-type=\"column\">\n\t\t\t<div class=\"elementor-widget-wrap elementor-element-populated\">\n\t\t\t\t\t\t<div class=\"elementor-element elementor-element-0887ae8 elementor-widget elementor-widget-text-editor\" data-id=\"0887ae8\" data-element_type=\"widget\" data-e-type=\"widget\" data-widget_type=\"text-editor.default\">\n\t\t\t\t<div class=\"elementor-widget-container\">\n\t\t\t\t\t\t\t\t\t<h4><strong>Miss\u00e3o do Supremo Tribunal de Justi\u00e7a a Macau e \u00e0 China Continental<\/strong><\/h4><div style=\"text-align: justify;\"><p>O Supremo Tribunal de Justi\u00e7a de Cabo Verde esteve presente na XIII Confer\u00eancia do F\u00f3rum dos Presidentes dos Supremos Tribunais de Justi\u00e7a dos Pa\u00edses e Territ\u00f3rios de L\u00edngua Portuguesa, que decorreu nos dias 20 e 21 de outubro de 2025 em Macau.<\/p><p>A representa\u00e7\u00e3o do STJ, encabe\u00e7ada pelo respectivo Presidente, Juiz Conselheiro Benfeito Mosso Ramos, foi ainda integrada pelo Juiz Conselheiro Arlindo Almeida Medina.<\/p><p>A Confer\u00eancia, de que foi anfitri\u00e3o o Tribunal de \u00daltima Inst\u00e2ncia da Regi\u00e3o Administrativa Especial de Macau, presidido pela Excelent\u00edssima Ju\u00edza Dr.\u00aa Song Man Lei, centrou-se no tema \u201cO Direito e a Justi\u00e7a como fator de aproxima\u00e7\u00e3o dos povos e seu desenvolvimento econ\u00f3mico-social\u201d.<\/p><p>Na sua interven\u00e7\u00e3o em torno desse tema o Presidente do STJ destacou, entre outros t\u00f3picos, a contribui\u00e7\u00e3o de Cabo Verde para aproxima\u00e7\u00e3o dos povos dos pa\u00edses e territ\u00f3rios de l\u00edngua portuguesa, dando como exemplo a aprova\u00e7\u00e3o do Estatuto do Cidad\u00e3o Lus\u00f3fono em 1997, na senda ali\u00e1s da abertura e do tratamento mais favor\u00e1vel que a Constitui\u00e7\u00e3o da Rep\u00fablica de 1992 aos nacionais desses pa\u00edses.\u00a0<\/p><p>Mo\u00e7ambique foi o pa\u00eds eleito para acolher a pr\u00f3xima Confer\u00eancia, pelo que passar\u00e1 a assumir a Presid\u00eancia do F\u00f3rum.<\/p><p>Na sequ\u00eancia do Encontro de Macau os Presidentes dos Supremos Tribunais os Pa\u00edses da CPLP e demais membros das respectivas delega\u00e7\u00f5es foram convidados pelo Presidente do Supremo Tribunal Popular da China, Dr. Zhang Jun, a visitarem a parte continental desse pa\u00eds, mais especificamente as cidades de Zhuhai e Shenzen.<\/p><p>Nessas duas cidades os visitantes tiveram oportunidade de conhecer os progressos conhecidos pela China nos mais diversos dom\u00ednios, em especial no que toca \u00e0 aplica\u00e7\u00e3o das novas tecnologias \u2013 a intelig\u00eancia artificial, em particular &#8212; \u00e0 Administra\u00e7\u00e3o da Justi\u00e7a.<\/p><p>A visita terminou com um encontro entre as delega\u00e7\u00f5es dos STJ da CPLP e o Presidente do Supremo Tribunal Popular de Justi\u00e7a da China, durante o qual foi enaltecida a import\u00e2ncia dessa visita e reafirmado o prop\u00f3sito de se estreitar as rela\u00e7\u00f5es de amizade e coopera\u00e7\u00e3o.<\/p><p>No encontro com o hom\u00f3logo da Rep\u00fablica Popular da China, e nome das delega\u00e7\u00f5es dos STJ da CPLP, usou da palavra o Presidente do STJ de Cabo Verde, o Juiz Conselheiro Benfeito Mosso Ramos.<\/p><\/div>\t\t\t\t\t\t\t\t<\/div>\n\t\t\t\t<\/div>\n\t\t\t\t\t<\/div>\n\t\t<\/div>\n\t\t\t\t\t<\/div>\n\t\t<\/section>\n\t\t\t\t<section class=\"elementor-section elementor-top-section elementor-element elementor-element-22b78ad elementor-section-boxed elementor-section-height-default elementor-section-height-default\" data-id=\"22b78ad\" data-element_type=\"section\" data-e-type=\"section\">\n\t\t\t\t\t\t<div class=\"elementor-container elementor-column-gap-default\">\n\t\t\t\t\t<div class=\"elementor-column elementor-col-100 elementor-top-column elementor-element elementor-element-28c45c5\" data-id=\"28c45c5\" data-element_type=\"column\" data-e-type=\"column\">\n\t\t\t<div class=\"elementor-widget-wrap elementor-element-populated\">\n\t\t\t\t\t\t<div class=\"elementor-element elementor-element-82ac0cf elementor-widget elementor-widget-button\" data-id=\"82ac0cf\" data-element_type=\"widget\" data-e-type=\"widget\" data-widget_type=\"button.default\">\n\t\t\t\t<div class=\"elementor-widget-container\">\n\t\t\t\t\t\t\t\t\t<div class=\"elementor-button-wrapper\">\n\t\t\t\t\t<a class=\"elementor-button elementor-button-link elementor-size-sm\" href=\"https:\/\/www.stj.cv\/index.php\/xii-conferencia-do-forum-dos-presidentes-dos-supremos-tribunais-de-justica-dos-paises-da-cplp-duplicate-11407\/\">\n\t\t\t\t\t\t<span class=\"elementor-button-content-wrapper\">\n\t\t\t\t\t\t\t\t\t<span class=\"elementor-button-text\">Fotografias do Evento<\/span>\n\t\t\t\t\t<\/span>\n\t\t\t\t\t<\/a>\n\t\t\t\t<\/div>\n\t\t\t\t\t\t\t\t<\/div>\n\t\t\t\t<\/div>\n\t\t\t\t\t<\/div>\n\t\t<\/div>\n\t\t\t\t\t<\/div>\n\t\t<\/section>\n\t\t\t\t<\/div>\n\t\t","protected":false},"excerpt":{"rendered":"<p>Miss\u00e3o do Supremo Tribunal de Justi\u00e7a a Macau e \u00e0 China Continental O Supremo Tribunal de Justi\u00e7a de Cabo Verde esteve presente na XIII Confer\u00eancia do F\u00f3rum dos Presidentes dos Supremos Tribunais de Justi\u00e7a dos Pa\u00edses e Territ\u00f3rios de L\u00edngua Portuguesa, que decorreu nos dias 20 e 21 de outubro de 2025 em Macau. A [&hellip;]<\/p>\n","protected":false},"author":2,"featured_media":12392,"comment_status":"closed","ping_status":"closed","sticky":false,"template":"elementor_header_footer","format":"standard","meta":{"_jetpack_memberships_contains_paid_content":false,"footnotes":""},"categories":[1],"tags":[],"class_list":["post-12336","post","type-post","status-publish","format-standard","has-post-thumbnail","hentry","category-ultimas-noticias"],"jetpack_featured_media_url":"https:\/\/www.stj.cv\/wp-content\/uploads\/2025\/11\/1W2A3342-scaled.jpg","jetpack_sharing_enabled":true,"_links":{"self":[{"href":"https:\/\/www.stj.cv\/index.php\/wp-json\/wp\/v2\/posts\/12336","targetHints":{"allow":["GET"]}}],"collection":[{"href":"https:\/\/www.stj.cv\/index.php\/wp-json\/wp\/v2\/posts"}],"about":[{"href":"https:\/\/www.stj.cv\/index.php\/wp-json\/wp\/v2\/types\/post"}],"author":[{"embeddable":true,"href":"https:\/\/www.stj.cv\/index.php\/wp-json\/wp\/v2\/users\/2"}],"replies":[{"embeddable":true,"href":"https:\/\/www.stj.cv\/index.php\/wp-json\/wp\/v2\/comments?post=12336"}],"version-history":[{"count":10,"href":"https:\/\/www.stj.cv\/index.php\/wp-json\/wp\/v2\/posts\/12336\/revisions"}],"predecessor-version":[{"id":12450,"href":"https:\/\/www.stj.cv\/index.php\/wp-json\/wp\/v2\/posts\/12336\/revisions\/12450"}],"wp:featuredmedia":[{"embeddable":true,"href":"https:\/\/www.stj.cv\/index.php\/wp-json\/wp\/v2\/media\/12392"}],"wp:attachment":[{"href":"https:\/\/www.stj.cv\/index.php\/wp-json\/wp\/v2\/media?parent=12336"}],"wp:term":[{"taxonomy":"category","embeddable":true,"href":"https:\/\/www.stj.cv\/index.php\/wp-json\/wp\/v2\/categories?post=12336"},{"taxonomy":"post_tag","embeddable":true,"href":"https:\/\/www.stj.cv\/index.php\/wp-json\/wp\/v2\/tags?post=12336"}],"curies":[{"name":"wp","href":"https:\/\/api.w.org\/{rel}","templated":true}]}}