{"id":11729,"date":"2025-02-12T14:55:16","date_gmt":"2025-02-12T15:55:16","guid":{"rendered":"https:\/\/www.stj.cv\/?p=11729"},"modified":"2025-02-12T15:07:49","modified_gmt":"2025-02-12T16:07:49","slug":"cabo-verde-recebe-xii-conferencia-do-forum-dos-presidentes-dos-supremos-tribunais-de-justica-da-cplp-duplicate-11401","status":"publish","type":"post","link":"https:\/\/www.stj.cv\/index.php\/2025\/02\/12\/cabo-verde-recebe-xii-conferencia-do-forum-dos-presidentes-dos-supremos-tribunais-de-justica-da-cplp-duplicate-11401\/","title":{"rendered":"Supremo Tribunal de Justi\u00e7a prepara Implementa\u00e7\u00e3o do Sistema de Informatiza\u00e7\u00e3o da Justi\u00e7a"},"content":{"rendered":"\t\t<div data-elementor-type=\"wp-post\" data-elementor-id=\"11729\" class=\"elementor elementor-11729\">\n\t\t\t\t\t\t<section class=\"elementor-section elementor-top-section elementor-element elementor-element-2c15f51 elementor-section-boxed elementor-section-height-default elementor-section-height-default\" data-id=\"2c15f51\" data-element_type=\"section\" data-e-type=\"section\">\n\t\t\t\t\t\t<div class=\"elementor-container elementor-column-gap-default\">\n\t\t\t\t\t<div class=\"elementor-column elementor-col-100 elementor-top-column elementor-element elementor-element-7ad953f\" data-id=\"7ad953f\" data-element_type=\"column\" data-e-type=\"column\">\n\t\t\t<div class=\"elementor-widget-wrap elementor-element-populated\">\n\t\t\t\t\t\t<div class=\"elementor-element elementor-element-0bc539e elementor-widget elementor-widget-image\" data-id=\"0bc539e\" data-element_type=\"widget\" data-e-type=\"widget\" data-widget_type=\"image.default\">\n\t\t\t\t<div class=\"elementor-widget-container\">\n\t\t\t\t\t\t\t\t\t\t\t\t\t\t\t<img fetchpriority=\"high\" decoding=\"async\" width=\"1024\" height=\"568\" src=\"https:\/\/www.stj.cv\/wp-content\/uploads\/2025\/02\/Formacao-SIJ-1024x568.jpg\" class=\"attachment-large size-large wp-image-11730\" alt=\"\" srcset=\"https:\/\/www.stj.cv\/wp-content\/uploads\/2025\/02\/Formacao-SIJ-1024x568.jpg 1024w, https:\/\/www.stj.cv\/wp-content\/uploads\/2025\/02\/Formacao-SIJ-300x166.jpg 300w, https:\/\/www.stj.cv\/wp-content\/uploads\/2025\/02\/Formacao-SIJ-768x426.jpg 768w, https:\/\/www.stj.cv\/wp-content\/uploads\/2025\/02\/Formacao-SIJ-600x333.jpg 600w, https:\/\/www.stj.cv\/wp-content\/uploads\/2025\/02\/Formacao-SIJ.jpg 1280w\" sizes=\"(max-width: 1024px) 100vw, 1024px\" \/>\t\t\t\t\t\t\t\t\t\t\t\t\t\t\t<\/div>\n\t\t\t\t<\/div>\n\t\t\t\t\t<\/div>\n\t\t<\/div>\n\t\t\t\t\t<\/div>\n\t\t<\/section>\n\t\t\t\t<section class=\"elementor-section elementor-top-section elementor-element elementor-element-b03e136 elementor-section-boxed elementor-section-height-default elementor-section-height-default\" data-id=\"b03e136\" data-element_type=\"section\" data-e-type=\"section\">\n\t\t\t\t\t\t<div class=\"elementor-container elementor-column-gap-default\">\n\t\t\t\t\t<div class=\"elementor-column elementor-col-100 elementor-top-column elementor-element elementor-element-19dac82\" data-id=\"19dac82\" data-element_type=\"column\" data-e-type=\"column\">\n\t\t\t<div class=\"elementor-widget-wrap elementor-element-populated\">\n\t\t\t\t\t\t<div class=\"elementor-element elementor-element-c907704 elementor-widget elementor-widget-text-editor\" data-id=\"c907704\" data-element_type=\"widget\" data-e-type=\"widget\" data-widget_type=\"text-editor.default\">\n\t\t\t\t<div class=\"elementor-widget-container\">\n\t\t\t\t\t\t\t\t\t<h4><strong>Supremo Tribunal de Justi\u00e7a prepara Implementa\u00e7\u00e3o do Sistema de Informatiza\u00e7\u00e3o da Justi\u00e7a<\/strong><\/h4><div style=\"text-align: justify;\"><p>Teve in\u00edcio ontem, 10 de fevereiro, no Supremo Tribunal de Justi\u00e7a (STJ), a forma\u00e7\u00e3o para a implementa\u00e7\u00e3o do Sistema de Informatiza\u00e7\u00e3o da Justi\u00e7a (SIJ), promovida em parceria com o N\u00facleo Operacional para a Sociedade de Informa\u00e7\u00e3o (NOSi). Esta a\u00e7\u00e3o formativa tem como objetivo capacitar magistrados e funcion\u00e1rios dessa Inst\u00e2ncia para se integrarem e interagirem plenamente no novo sistema.<\/p><p><br \/>O SIJ trata-se de uma infraestrutura de comunica\u00e7\u00e3o que visa, entre os fins, a modernizar a tramita\u00e7\u00e3o eletr\u00f3nica dos processos judiciais, assegurando o cumprimento de todas as dilig\u00eancias legais e processuais com maior efici\u00eancia, garantindo um acompanhamento preciso e transparente das diversas fases dos processos e possibilitando a participa\u00e7\u00e3o integrada de todos os intervenientes processuais.<\/p><p><br \/>O SIJ representar\u00e1 a entrada da Justi\u00e7a Cabo-verdiana para a era digital, cabendo ao STJ, pelo seu lugar dentro do sistema, exercer nesse processo o papel cimeiro que lhe compete.<\/p><\/div>\t\t\t\t\t\t\t\t<\/div>\n\t\t\t\t<\/div>\n\t\t\t\t\t<\/div>\n\t\t<\/div>\n\t\t\t\t\t<\/div>\n\t\t<\/section>\n\t\t\t\t<\/div>\n\t\t","protected":false},"excerpt":{"rendered":"<p>Supremo Tribunal de Justi\u00e7a prepara Implementa\u00e7\u00e3o do Sistema de Informatiza\u00e7\u00e3o da Justi\u00e7a Teve in\u00edcio ontem, 10 de fevereiro, no Supremo Tribunal de Justi\u00e7a (STJ), a forma\u00e7\u00e3o para a implementa\u00e7\u00e3o do Sistema de Informatiza\u00e7\u00e3o da Justi\u00e7a (SIJ), promovida em parceria com o N\u00facleo Operacional para a Sociedade de Informa\u00e7\u00e3o (NOSi). Esta a\u00e7\u00e3o formativa tem como objetivo [&hellip;]<\/p>\n","protected":false},"author":2,"featured_media":11730,"comment_status":"closed","ping_status":"closed","sticky":false,"template":"elementor_header_footer","format":"standard","meta":{"_jetpack_memberships_contains_paid_content":false,"footnotes":""},"categories":[1],"tags":[],"class_list":["post-11729","post","type-post","status-publish","format-standard","has-post-thumbnail","hentry","category-ultimas-noticias"],"jetpack_featured_media_url":"https:\/\/www.stj.cv\/wp-content\/uploads\/2025\/02\/Formacao-SIJ.jpg","jetpack_sharing_enabled":true,"_links":{"self":[{"href":"https:\/\/www.stj.cv\/index.php\/wp-json\/wp\/v2\/posts\/11729","targetHints":{"allow":["GET"]}}],"collection":[{"href":"https:\/\/www.stj.cv\/index.php\/wp-json\/wp\/v2\/posts"}],"about":[{"href":"https:\/\/www.stj.cv\/index.php\/wp-json\/wp\/v2\/types\/post"}],"author":[{"embeddable":true,"href":"https:\/\/www.stj.cv\/index.php\/wp-json\/wp\/v2\/users\/2"}],"replies":[{"embeddable":true,"href":"https:\/\/www.stj.cv\/index.php\/wp-json\/wp\/v2\/comments?post=11729"}],"version-history":[{"count":10,"href":"https:\/\/www.stj.cv\/index.php\/wp-json\/wp\/v2\/posts\/11729\/revisions"}],"predecessor-version":[{"id":11741,"href":"https:\/\/www.stj.cv\/index.php\/wp-json\/wp\/v2\/posts\/11729\/revisions\/11741"}],"wp:featuredmedia":[{"embeddable":true,"href":"https:\/\/www.stj.cv\/index.php\/wp-json\/wp\/v2\/media\/11730"}],"wp:attachment":[{"href":"https:\/\/www.stj.cv\/index.php\/wp-json\/wp\/v2\/media?parent=11729"}],"wp:term":[{"taxonomy":"category","embeddable":true,"href":"https:\/\/www.stj.cv\/index.php\/wp-json\/wp\/v2\/categories?post=11729"},{"taxonomy":"post_tag","embeddable":true,"href":"https:\/\/www.stj.cv\/index.php\/wp-json\/wp\/v2\/tags?post=11729"}],"curies":[{"name":"wp","href":"https:\/\/api.w.org\/{rel}","templated":true}]}}