{"id":11401,"date":"2024-11-12T15:22:33","date_gmt":"2024-11-12T16:22:33","guid":{"rendered":"https:\/\/www.stj.cv\/?p=11401"},"modified":"2024-11-12T15:30:37","modified_gmt":"2024-11-12T16:30:37","slug":"cabo-verde-recebe-xii-conferencia-do-forum-dos-presidentes-dos-supremos-tribunais-de-justica-da-cplp","status":"publish","type":"post","link":"https:\/\/www.stj.cv\/index.php\/2024\/11\/12\/cabo-verde-recebe-xii-conferencia-do-forum-dos-presidentes-dos-supremos-tribunais-de-justica-da-cplp\/","title":{"rendered":"Cabo Verde recebe XII Confer\u00eancia do F\u00f3rum dos Presidentes dos Supremos Tribunais de Justi\u00e7a da CPLP"},"content":{"rendered":"\t\t<div data-elementor-type=\"wp-post\" data-elementor-id=\"11401\" class=\"elementor elementor-11401\">\n\t\t\t\t\t\t<section class=\"elementor-section elementor-top-section elementor-element elementor-element-2c15f51 elementor-section-boxed elementor-section-height-default elementor-section-height-default\" data-id=\"2c15f51\" data-element_type=\"section\" data-e-type=\"section\">\n\t\t\t\t\t\t<div class=\"elementor-container elementor-column-gap-default\">\n\t\t\t\t\t<div class=\"elementor-column elementor-col-100 elementor-top-column elementor-element elementor-element-7ad953f\" data-id=\"7ad953f\" data-element_type=\"column\" data-e-type=\"column\">\n\t\t\t<div class=\"elementor-widget-wrap elementor-element-populated\">\n\t\t\t\t\t\t<div class=\"elementor-element elementor-element-0bc539e elementor-widget elementor-widget-image\" data-id=\"0bc539e\" data-element_type=\"widget\" data-e-type=\"widget\" data-widget_type=\"image.default\">\n\t\t\t\t<div class=\"elementor-widget-container\">\n\t\t\t\t\t\t\t\t\t\t\t\t\t\t\t<img fetchpriority=\"high\" decoding=\"async\" width=\"1024\" height=\"464\" src=\"https:\/\/www.stj.cv\/wp-content\/uploads\/2024\/11\/Bandeira-da-CPLP-1024x464.jpg\" class=\"attachment-large size-large wp-image-11402\" alt=\"\" srcset=\"https:\/\/www.stj.cv\/wp-content\/uploads\/2024\/11\/Bandeira-da-CPLP-1024x464.jpg 1024w, https:\/\/www.stj.cv\/wp-content\/uploads\/2024\/11\/Bandeira-da-CPLP-300x136.jpg 300w, https:\/\/www.stj.cv\/wp-content\/uploads\/2024\/11\/Bandeira-da-CPLP-768x348.jpg 768w, https:\/\/www.stj.cv\/wp-content\/uploads\/2024\/11\/Bandeira-da-CPLP-600x272.jpg 600w, https:\/\/www.stj.cv\/wp-content\/uploads\/2024\/11\/Bandeira-da-CPLP.jpg 1170w\" sizes=\"(max-width: 1024px) 100vw, 1024px\" \/>\t\t\t\t\t\t\t\t\t\t\t\t\t\t\t<\/div>\n\t\t\t\t<\/div>\n\t\t\t\t\t<\/div>\n\t\t<\/div>\n\t\t\t\t\t<\/div>\n\t\t<\/section>\n\t\t\t\t<section class=\"elementor-section elementor-top-section elementor-element elementor-element-b03e136 elementor-section-boxed elementor-section-height-default elementor-section-height-default\" data-id=\"b03e136\" data-element_type=\"section\" data-e-type=\"section\">\n\t\t\t\t\t\t<div class=\"elementor-container elementor-column-gap-default\">\n\t\t\t\t\t<div class=\"elementor-column elementor-col-100 elementor-top-column elementor-element elementor-element-19dac82\" data-id=\"19dac82\" data-element_type=\"column\" data-e-type=\"column\">\n\t\t\t<div class=\"elementor-widget-wrap elementor-element-populated\">\n\t\t\t\t\t\t<div class=\"elementor-element elementor-element-c907704 elementor-widget elementor-widget-text-editor\" data-id=\"c907704\" data-element_type=\"widget\" data-e-type=\"widget\" data-widget_type=\"text-editor.default\">\n\t\t\t\t<div class=\"elementor-widget-container\">\n\t\t\t\t\t\t\t\t\t<h4><strong>Cabo Verde recebe XII Confer\u00eancia do F\u00f3rum dos Presidentes dos Supremos Tribunais de Justi\u00e7a da CPLP<\/strong><\/h4><div style=\"text-align: justify;\"><p>O Supremo Tribunal de Justi\u00e7a de Cabo Verde acolher\u00e1, nos dias 13 e 14 de novembro de 2024, a XII Confer\u00eancia do F\u00f3rum dos Supremos Tribunais de Justi\u00e7a dos pa\u00edses e territ\u00f3rios da Comunidade dos Pa\u00edses de L\u00edngua Portuguesa (CPLP).<\/p><p>Nesse evento participam delega\u00e7\u00f5es dos Supremos Tribunais de Justi\u00e7a de Angola, Cabo Verde, Guin\u00e9 Bissau, Regi\u00e3o Administrativa Especial de Macau, da Rep\u00fablica Popular da China, Mo\u00e7ambique, Portugal, S\u00e3o Tom\u00e9 e Pr\u00edncipe e Timor Leste.<\/p><p>Representantes de todos os Tribunais de Comarca e das Rela\u00e7\u00f5es do nosso pa\u00eds estar\u00e3o tamb\u00e9m presentes.<\/p><p>Com o tema central \u201c<strong>A Efici\u00eancia dos Tribunais, Sociedades Pac\u00edficas e Inclusivas e Desenvolvimento Sustent\u00e1vel<\/strong>\u201d, a confer\u00eancia promete discutir temas cr\u00edticos para o desenvolvimento de sistemas judiciais mais modernos, \u00e1geis e adaptados \u00e0s necessidades atuais de seguran\u00e7a e justi\u00e7a social. A programa\u00e7\u00e3o incluir\u00e1 pain\u00e9is sobre o papel dos Supremos e Superiores Tribunais de Justi\u00e7a na implementa\u00e7\u00e3o do Direito, a influ\u00eancia das novas tecnologias na efici\u00eancia e celeridade processual, a moderniza\u00e7\u00e3o dos sistemas judiciais e o enfrentamento da criminalidade organizada com foco na coopera\u00e7\u00e3o judici\u00e1ria internacional.<\/p><p>Os debates contar\u00e3o com a presen\u00e7a de altos magistrados e especialistas do universo jur\u00eddico dos pa\u00edses da CPLP, que apresentar\u00e3o suas perspetivas e discutir\u00e3o as melhores pr\u00e1ticas para fortalecer a efici\u00eancia e a efic\u00e1cia da Justi\u00e7a. A expectativa \u00e9 de que o evento promova um interc\u00e2mbio valioso de experi\u00eancias, favorecendo o avan\u00e7o de pol\u00edticas orientadas para reformas e moderniza\u00e7\u00e3o da Justi\u00e7a, bem como a coopera\u00e7\u00e3o judici\u00e1ria, nomeadamente no combate \u00e0 criminalidade organizada.<\/p><p>Al\u00e9m de ser uma oportunidade para fortalecer os la\u00e7os de coopera\u00e7\u00e3o e amizade entre os judici\u00e1rios nele representados, o f\u00f3rum destaca o compromisso dos tribunais da CPLP em assegurar a sua converg\u00eancia na constru\u00e7\u00e3o de sociedades mais justas, pac\u00edficas e inclusivas, alinhando-se com os Objetivos de Desenvolvimento Sustent\u00e1vel das Na\u00e7\u00f5es Unidas.<\/p><p>A abertura do evento, a ter lugar no dia 13 do corrente, pelas 8:30, ser\u00e1 presidida por Sua Excel\u00eancia o <strong>Presidente da Rep\u00fablica de Cabo Verde, Dr. Jos\u00e9 Maria Neves<\/strong>, cabendo \u00e0 Sua Excel\u00eancia a <strong>Ministra da Justi\u00e7a, Joana Rosa Amado<\/strong>, presidir ao encerramento no dia 14 \u00e0s 17:00.<\/p><\/div>\t\t\t\t\t\t\t\t<\/div>\n\t\t\t\t<\/div>\n\t\t\t\t\t<\/div>\n\t\t<\/div>\n\t\t\t\t\t<\/div>\n\t\t<\/section>\n\t\t\t\t<\/div>\n\t\t","protected":false},"excerpt":{"rendered":"<p>Cabo Verde recebe XII Confer\u00eancia do F\u00f3rum dos Presidentes dos Supremos Tribunais de Justi\u00e7a da CPLP O Supremo Tribunal de Justi\u00e7a de Cabo Verde acolher\u00e1, nos dias 13 e 14 de novembro de 2024, a XII Confer\u00eancia do F\u00f3rum dos Supremos Tribunais de Justi\u00e7a dos pa\u00edses e territ\u00f3rios da Comunidade dos Pa\u00edses de L\u00edngua Portuguesa [&hellip;]<\/p>\n","protected":false},"author":2,"featured_media":11402,"comment_status":"closed","ping_status":"closed","sticky":false,"template":"elementor_header_footer","format":"standard","meta":{"_jetpack_memberships_contains_paid_content":false,"footnotes":""},"categories":[1],"tags":[],"class_list":["post-11401","post","type-post","status-publish","format-standard","has-post-thumbnail","hentry","category-ultimas-noticias"],"jetpack_featured_media_url":"https:\/\/www.stj.cv\/wp-content\/uploads\/2024\/11\/Bandeira-da-CPLP.jpg","jetpack_sharing_enabled":true,"_links":{"self":[{"href":"https:\/\/www.stj.cv\/index.php\/wp-json\/wp\/v2\/posts\/11401","targetHints":{"allow":["GET"]}}],"collection":[{"href":"https:\/\/www.stj.cv\/index.php\/wp-json\/wp\/v2\/posts"}],"about":[{"href":"https:\/\/www.stj.cv\/index.php\/wp-json\/wp\/v2\/types\/post"}],"author":[{"embeddable":true,"href":"https:\/\/www.stj.cv\/index.php\/wp-json\/wp\/v2\/users\/2"}],"replies":[{"embeddable":true,"href":"https:\/\/www.stj.cv\/index.php\/wp-json\/wp\/v2\/comments?post=11401"}],"version-history":[{"count":4,"href":"https:\/\/www.stj.cv\/index.php\/wp-json\/wp\/v2\/posts\/11401\/revisions"}],"predecessor-version":[{"id":11406,"href":"https:\/\/www.stj.cv\/index.php\/wp-json\/wp\/v2\/posts\/11401\/revisions\/11406"}],"wp:featuredmedia":[{"embeddable":true,"href":"https:\/\/www.stj.cv\/index.php\/wp-json\/wp\/v2\/media\/11402"}],"wp:attachment":[{"href":"https:\/\/www.stj.cv\/index.php\/wp-json\/wp\/v2\/media?parent=11401"}],"wp:term":[{"taxonomy":"category","embeddable":true,"href":"https:\/\/www.stj.cv\/index.php\/wp-json\/wp\/v2\/categories?post=11401"},{"taxonomy":"post_tag","embeddable":true,"href":"https:\/\/www.stj.cv\/index.php\/wp-json\/wp\/v2\/tags?post=11401"}],"curies":[{"name":"wp","href":"https:\/\/api.w.org\/{rel}","templated":true}]}}