{"id":11367,"date":"2024-11-07T15:19:05","date_gmt":"2024-11-07T16:19:05","guid":{"rendered":"https:\/\/www.stj.cv\/?p=11367"},"modified":"2024-11-20T08:56:41","modified_gmt":"2024-11-20T09:56:41","slug":"cerimonia-solene-de-abertura-do-ano-judicial-2024-2025","status":"publish","type":"post","link":"https:\/\/www.stj.cv\/index.php\/2024\/11\/07\/cerimonia-solene-de-abertura-do-ano-judicial-2024-2025\/","title":{"rendered":"Supremo Tribunal de Justi\u00e7a inaugura Ano Judicial 2024\/2025 com solenidade na cidade da Praia"},"content":{"rendered":"\t\t<div data-elementor-type=\"wp-post\" data-elementor-id=\"11367\" class=\"elementor elementor-11367\">\n\t\t\t\t\t\t<section class=\"elementor-section elementor-top-section elementor-element elementor-element-7b45df0 elementor-section-boxed elementor-section-height-default elementor-section-height-default\" data-id=\"7b45df0\" data-element_type=\"section\" data-e-type=\"section\">\n\t\t\t\t\t\t<div class=\"elementor-container elementor-column-gap-default\">\n\t\t\t\t\t<div class=\"elementor-column elementor-col-100 elementor-top-column elementor-element elementor-element-248d8cd\" data-id=\"248d8cd\" data-element_type=\"column\" data-e-type=\"column\">\n\t\t\t<div class=\"elementor-widget-wrap elementor-element-populated\">\n\t\t\t\t\t\t<div class=\"elementor-element elementor-element-312027e elementor-widget elementor-widget-image\" data-id=\"312027e\" data-element_type=\"widget\" data-e-type=\"widget\" data-widget_type=\"image.default\">\n\t\t\t\t<div class=\"elementor-widget-container\">\n\t\t\t\t\t\t\t\t\t\t\t\t\t\t\t<img fetchpriority=\"high\" decoding=\"async\" width=\"1024\" height=\"687\" src=\"https:\/\/www.stj.cv\/wp-content\/uploads\/2024\/11\/1-1024x687.jpg\" class=\"attachment-large size-large wp-image-11374\" alt=\"\" srcset=\"https:\/\/www.stj.cv\/wp-content\/uploads\/2024\/11\/1-1024x687.jpg 1024w, https:\/\/www.stj.cv\/wp-content\/uploads\/2024\/11\/1-300x201.jpg 300w, https:\/\/www.stj.cv\/wp-content\/uploads\/2024\/11\/1-768x516.jpg 768w, https:\/\/www.stj.cv\/wp-content\/uploads\/2024\/11\/1-1536x1031.jpg 1536w, https:\/\/www.stj.cv\/wp-content\/uploads\/2024\/11\/1-2048x1375.jpg 2048w, https:\/\/www.stj.cv\/wp-content\/uploads\/2024\/11\/1-600x403.jpg 600w\" sizes=\"(max-width: 1024px) 100vw, 1024px\" \/>\t\t\t\t\t\t\t\t\t\t\t\t\t\t\t<\/div>\n\t\t\t\t<\/div>\n\t\t\t\t\t<\/div>\n\t\t<\/div>\n\t\t\t\t\t<\/div>\n\t\t<\/section>\n\t\t\t\t<section class=\"elementor-section elementor-top-section elementor-element elementor-element-981f4ef elementor-section-boxed elementor-section-height-default elementor-section-height-default\" data-id=\"981f4ef\" data-element_type=\"section\" data-e-type=\"section\">\n\t\t\t\t\t\t<div class=\"elementor-container elementor-column-gap-default\">\n\t\t\t\t\t<div class=\"elementor-column elementor-col-100 elementor-top-column elementor-element elementor-element-eb1d639\" data-id=\"eb1d639\" data-element_type=\"column\" data-e-type=\"column\">\n\t\t\t<div class=\"elementor-widget-wrap elementor-element-populated\">\n\t\t\t\t\t\t<div class=\"elementor-element elementor-element-0887ae8 elementor-widget elementor-widget-text-editor\" data-id=\"0887ae8\" data-element_type=\"widget\" data-e-type=\"widget\" data-widget_type=\"text-editor.default\">\n\t\t\t\t<div class=\"elementor-widget-container\">\n\t\t\t\t\t\t\t\t\t<h4>Supremo Tribunal de Justi\u00e7a inaugura Ano Judicial 2024\/2025 com solenidade na cidade da Praia<\/h4><div style=\"text-align: justify;\"><p>Supremo Tribunal de Justi\u00e7a realizou hoje, 5 de novembro, na sala de audi\u00eancias do Pal\u00e1cio de Justi\u00e7a, na cidade da Praia, a Cerim\u00f3nia Solene de Abertura do Ano Judicial 2024\/2025. O evento marcou o in\u00edcio das atividades judiciais para o novo ciclo, promovendo um ambiente de reflex\u00e3o sobre o papel das institui\u00e7\u00f5es judiciais e a administra\u00e7\u00e3o da justi\u00e7a em Cabo Verde.<\/p><p>A cerim\u00f3nia foi presidida por Sua Excel\u00eancia o Presidente da Rep\u00fablica, Dr. Jos\u00e9 Maria Neves, que encerrou o evento com uma comunica\u00e7\u00e3o formal, destacando os desafios e as metas para o sistema de justi\u00e7a cabo-verdiano.<\/p><p>Diversas figuras ilustres do cen\u00e1rio judicial e pol\u00edtico participaram do evento. Entre os oradores, destacaram-se o Presidente do Supremo Tribunal de Justi\u00e7a, Juiz Conselheiro Benfeito Mosso Ramos; o Procurador-Geral da Rep\u00fablica, Dr. Lu\u00eds Jos\u00e9 Tavares Landim; o Presidente do Conselho Superior da Magistratura Judicial, Dr. Bernardino Delgado; e o Baston\u00e1rio da Ordem dos Advogados, Dr. J\u00falio C\u00e9sar Martins, cada um abordando diferentes perspetivas e desafios do sistema de justi\u00e7a.<\/p><p>A solenidade tamb\u00e9m atraiu uma audi\u00eancia abrangente da comunidade jur\u00eddica, incluindo magistrados, advogados e oficiais de justi\u00e7a, al\u00e9m de representantes de \u00f3rg\u00e3os de soberania. Estiveram presentes Suas Excel\u00eancias o Presidente da Assembleia Nacional, Dr. Austelino Tavares Correia; e a Ministra da Justi\u00e7a, Dra. Joana Rosa Amado. Representantes da Administra\u00e7\u00e3o P\u00fablica e do Corpo Diplom\u00e1tico no pa\u00eds tamb\u00e9m prestigiaram a cerim\u00f3nia.<\/p><\/div>\t\t\t\t\t\t\t\t<\/div>\n\t\t\t\t<\/div>\n\t\t\t\t\t<\/div>\n\t\t<\/div>\n\t\t\t\t\t<\/div>\n\t\t<\/section>\n\t\t\t\t<section class=\"elementor-section elementor-top-section elementor-element elementor-element-22b78ad elementor-section-boxed elementor-section-height-default elementor-section-height-default\" data-id=\"22b78ad\" data-element_type=\"section\" data-e-type=\"section\">\n\t\t\t\t\t\t<div class=\"elementor-container elementor-column-gap-default\">\n\t\t\t\t\t<div class=\"elementor-column elementor-col-100 elementor-top-column elementor-element elementor-element-28c45c5\" data-id=\"28c45c5\" data-element_type=\"column\" data-e-type=\"column\">\n\t\t\t<div class=\"elementor-widget-wrap elementor-element-populated\">\n\t\t\t\t\t\t<div class=\"elementor-element elementor-element-82ac0cf elementor-widget elementor-widget-button\" data-id=\"82ac0cf\" data-element_type=\"widget\" data-e-type=\"widget\" data-widget_type=\"button.default\">\n\t\t\t\t<div class=\"elementor-widget-container\">\n\t\t\t\t\t\t\t\t\t<div class=\"elementor-button-wrapper\">\n\t\t\t\t\t<a class=\"elementor-button elementor-button-link elementor-size-sm\" href=\"https:\/\/www.stj.cv\/index.php\/abertura-do-ano-judicial\/\">\n\t\t\t\t\t\t<span class=\"elementor-button-content-wrapper\">\n\t\t\t\t\t\t\t\t\t<span class=\"elementor-button-text\">Fotografias do Evento<\/span>\n\t\t\t\t\t<\/span>\n\t\t\t\t\t<\/a>\n\t\t\t\t<\/div>\n\t\t\t\t\t\t\t\t<\/div>\n\t\t\t\t<\/div>\n\t\t\t\t\t<\/div>\n\t\t<\/div>\n\t\t\t\t\t<\/div>\n\t\t<\/section>\n\t\t\t\t<\/div>\n\t\t","protected":false},"excerpt":{"rendered":"<p>Supremo Tribunal de Justi\u00e7a inaugura Ano Judicial 2024\/2025 com solenidade na cidade da Praia Supremo Tribunal de Justi\u00e7a realizou hoje, 5 de novembro, na sala de audi\u00eancias do Pal\u00e1cio de Justi\u00e7a, na cidade da Praia, a Cerim\u00f3nia Solene de Abertura do Ano Judicial 2024\/2025. O evento marcou o in\u00edcio das atividades judiciais para o novo [&hellip;]<\/p>\n","protected":false},"author":2,"featured_media":11374,"comment_status":"closed","ping_status":"closed","sticky":false,"template":"elementor_header_footer","format":"standard","meta":{"_jetpack_memberships_contains_paid_content":false,"footnotes":""},"categories":[1],"tags":[],"class_list":["post-11367","post","type-post","status-publish","format-standard","has-post-thumbnail","hentry","category-ultimas-noticias"],"jetpack_featured_media_url":"https:\/\/www.stj.cv\/wp-content\/uploads\/2024\/11\/1-scaled.jpg","jetpack_sharing_enabled":true,"_links":{"self":[{"href":"https:\/\/www.stj.cv\/index.php\/wp-json\/wp\/v2\/posts\/11367","targetHints":{"allow":["GET"]}}],"collection":[{"href":"https:\/\/www.stj.cv\/index.php\/wp-json\/wp\/v2\/posts"}],"about":[{"href":"https:\/\/www.stj.cv\/index.php\/wp-json\/wp\/v2\/types\/post"}],"author":[{"embeddable":true,"href":"https:\/\/www.stj.cv\/index.php\/wp-json\/wp\/v2\/users\/2"}],"replies":[{"embeddable":true,"href":"https:\/\/www.stj.cv\/index.php\/wp-json\/wp\/v2\/comments?post=11367"}],"version-history":[{"count":9,"href":"https:\/\/www.stj.cv\/index.php\/wp-json\/wp\/v2\/posts\/11367\/revisions"}],"predecessor-version":[{"id":12439,"href":"https:\/\/www.stj.cv\/index.php\/wp-json\/wp\/v2\/posts\/11367\/revisions\/12439"}],"wp:featuredmedia":[{"embeddable":true,"href":"https:\/\/www.stj.cv\/index.php\/wp-json\/wp\/v2\/media\/11374"}],"wp:attachment":[{"href":"https:\/\/www.stj.cv\/index.php\/wp-json\/wp\/v2\/media?parent=11367"}],"wp:term":[{"taxonomy":"category","embeddable":true,"href":"https:\/\/www.stj.cv\/index.php\/wp-json\/wp\/v2\/categories?post=11367"},{"taxonomy":"post_tag","embeddable":true,"href":"https:\/\/www.stj.cv\/index.php\/wp-json\/wp\/v2\/tags?post=11367"}],"curies":[{"name":"wp","href":"https:\/\/api.w.org\/{rel}","templated":true}]}}