{"id":11189,"date":"2024-09-24T09:19:28","date_gmt":"2024-09-24T10:19:28","guid":{"rendered":"https:\/\/www.stj.cv\/?p=11189"},"modified":"2024-09-24T09:19:28","modified_gmt":"2024-09-24T10:19:28","slug":"delegacao-da-comissao-africana-dos-direitos-humanos-e-dos-povos-visita-o-supremo-tribunal-de-justica-de-cabo-verde","status":"publish","type":"post","link":"https:\/\/www.stj.cv\/index.php\/2024\/09\/24\/delegacao-da-comissao-africana-dos-direitos-humanos-e-dos-povos-visita-o-supremo-tribunal-de-justica-de-cabo-verde\/","title":{"rendered":"Delega\u00e7\u00e3o da Comiss\u00e3o Africana dos Direitos Humanos e dos Povos visita o Supremo Tribunal de Justi\u00e7a de Cabo Verde"},"content":{"rendered":"\t\t<div data-elementor-type=\"wp-post\" data-elementor-id=\"11189\" class=\"elementor elementor-11189\">\n\t\t\t\t\t\t<section class=\"elementor-section elementor-top-section elementor-element elementor-element-bcde31a elementor-section-boxed elementor-section-height-default elementor-section-height-default\" data-id=\"bcde31a\" data-element_type=\"section\" data-e-type=\"section\">\n\t\t\t\t\t\t<div class=\"elementor-container elementor-column-gap-default\">\n\t\t\t\t\t<div class=\"elementor-column elementor-col-100 elementor-top-column elementor-element elementor-element-b433241\" data-id=\"b433241\" data-element_type=\"column\" data-e-type=\"column\">\n\t\t\t<div class=\"elementor-widget-wrap elementor-element-populated\">\n\t\t\t\t\t\t<div class=\"elementor-element elementor-element-a0390da elementor-widget elementor-widget-image\" data-id=\"a0390da\" data-element_type=\"widget\" data-e-type=\"widget\" data-widget_type=\"image.default\">\n\t\t\t\t<div class=\"elementor-widget-container\">\n\t\t\t\t\t\t\t\t\t\t\t\t\t\t\t<img fetchpriority=\"high\" decoding=\"async\" width=\"1024\" height=\"602\" src=\"https:\/\/www.stj.cv\/wp-content\/uploads\/2024\/09\/Foto-1024x602.jpeg\" class=\"attachment-large size-large wp-image-11190\" alt=\"\" srcset=\"https:\/\/www.stj.cv\/wp-content\/uploads\/2024\/09\/Foto-1024x602.jpeg 1024w, https:\/\/www.stj.cv\/wp-content\/uploads\/2024\/09\/Foto-300x176.jpeg 300w, https:\/\/www.stj.cv\/wp-content\/uploads\/2024\/09\/Foto-768x452.jpeg 768w, https:\/\/www.stj.cv\/wp-content\/uploads\/2024\/09\/Foto-600x353.jpeg 600w, https:\/\/www.stj.cv\/wp-content\/uploads\/2024\/09\/Foto.jpeg 1063w\" sizes=\"(max-width: 1024px) 100vw, 1024px\" \/>\t\t\t\t\t\t\t\t\t\t\t\t\t\t\t<\/div>\n\t\t\t\t<\/div>\n\t\t\t\t\t<\/div>\n\t\t<\/div>\n\t\t\t\t\t<\/div>\n\t\t<\/section>\n\t\t\t\t<section class=\"elementor-section elementor-top-section elementor-element elementor-element-8f0831f elementor-section-boxed elementor-section-height-default elementor-section-height-default\" data-id=\"8f0831f\" data-element_type=\"section\" data-e-type=\"section\">\n\t\t\t\t\t\t<div class=\"elementor-container elementor-column-gap-default\">\n\t\t\t\t\t<div class=\"elementor-column elementor-col-100 elementor-top-column elementor-element elementor-element-0a03d0a\" data-id=\"0a03d0a\" data-element_type=\"column\" data-e-type=\"column\">\n\t\t\t<div class=\"elementor-widget-wrap elementor-element-populated\">\n\t\t\t\t\t\t<div class=\"elementor-element elementor-element-d389542 elementor-widget elementor-widget-text-editor\" data-id=\"d389542\" data-element_type=\"widget\" data-e-type=\"widget\" data-widget_type=\"text-editor.default\">\n\t\t\t\t<div class=\"elementor-widget-container\">\n\t\t\t\t\t\t\t\t\t<h4>Delega\u00e7\u00e3o da Comiss\u00e3o Africana dos Direitos Humanos e dos Povos visita o Supremo Tribunal de Justi\u00e7a de Cabo Verde<\/h4><div style=\"text-align: justify;\">\u00a0<\/div>\t\t\t\t\t\t\t\t<\/div>\n\t\t\t\t<\/div>\n\t\t\t\t\t<\/div>\n\t\t<\/div>\n\t\t\t\t\t<\/div>\n\t\t<\/section>\n\t\t\t\t<section class=\"elementor-section elementor-top-section elementor-element elementor-element-abd7484 elementor-section-boxed elementor-section-height-default elementor-section-height-default\" data-id=\"abd7484\" data-element_type=\"section\" data-e-type=\"section\">\n\t\t\t\t\t\t<div class=\"elementor-container elementor-column-gap-default\">\n\t\t\t\t\t<div class=\"elementor-column elementor-col-100 elementor-top-column elementor-element elementor-element-dbfba08\" data-id=\"dbfba08\" data-element_type=\"column\" data-e-type=\"column\">\n\t\t\t<div class=\"elementor-widget-wrap elementor-element-populated\">\n\t\t\t\t\t\t<div class=\"elementor-element elementor-element-adff4b4 elementor-widget elementor-widget-text-editor\" data-id=\"adff4b4\" data-element_type=\"widget\" data-e-type=\"widget\" data-widget_type=\"text-editor.default\">\n\t\t\t\t<div class=\"elementor-widget-container\">\n\t\t\t\t\t\t\t\t\t<p>No dia 19 de setembro, \u00e0s 16h45, o Supremo Tribunal de Justi\u00e7a de Cabo Verde recebeu a Delega\u00e7\u00e3o da Comiss\u00e3o Africana dos Direitos Humanos e dos Povos. A visita fez parte da miss\u00e3o oficial essa Comiss\u00e3o a Cabo Verde, entre os dias 16 e 20 de setembro, e foi liderada pela Dra. Maria Teresa Manuela, Comiss\u00e1ria e Relatora Especial sobre Pris\u00f5es, Condi\u00e7\u00f5es de Deten\u00e7\u00e3o e Policiamento em \u00c1frica, que tamb\u00e9m exerce o cargo de Procuradora-Geral Adjunta da Rep\u00fablica de Angola, acompanhada pelo Dr. Hatem Essaiem, Comiss\u00e1rio e antigo Embaixador da Tun\u00edsia, e pelo Dr. Maulo Dombaxi, Jurista da Comiss\u00e3o Africana.<\/p>\n<p>Essa miss\u00e3o integra-se no \u00e2mbito do artigo 45.\u00ba da Carta Africana dos Direitos Humanos e dos Povos, visando a promo\u00e7\u00e3o e prote\u00e7\u00e3o dos direitos humanos nos Estados Partes, e teve como objetivo central a recolha de informa\u00e7\u00f5es sobre a implementa\u00e7\u00e3o das disposi\u00e7\u00f5es da Carta Africana em Cabo Verde.<\/p>\n<p>Durante o encontro, que contou com a presen\u00e7a dos Exmos. Ju\u00edzes Conselheiros, Dr. Anildo Martins, Dr. Sim\u00e3o Alves Santos e Dra. Zaida Lima, a Delega\u00e7\u00e3o procurou melhor se inteirar do funcionamento do sistema judicial cabo-verdiano, colher dados e informa\u00e7\u00f5es sobre a implementa\u00e7\u00e3o da Carta Africana no pa\u00eds e o papel desempenhado pelo STJ, visando formular recomenda\u00e7\u00f5es e orienta\u00e7\u00f5es voltadas ao aprimoramento das politicas e legisla\u00e7\u00f5es de direitos humanos no pa\u00eds.<\/p>\t\t\t\t\t\t\t\t<\/div>\n\t\t\t\t<\/div>\n\t\t\t\t\t<\/div>\n\t\t<\/div>\n\t\t\t\t\t<\/div>\n\t\t<\/section>\n\t\t\t\t<\/div>\n\t\t","protected":false},"excerpt":{"rendered":"<p>Delega\u00e7\u00e3o da Comiss\u00e3o Africana dos Direitos Humanos e dos Povos visita o Supremo Tribunal de Justi\u00e7a de Cabo Verde \u00a0 No dia 19 de setembro, \u00e0s 16h45, o Supremo Tribunal de Justi\u00e7a de Cabo Verde recebeu a Delega\u00e7\u00e3o da Comiss\u00e3o Africana dos Direitos Humanos e dos Povos. A visita fez parte da miss\u00e3o oficial essa [&hellip;]<\/p>\n","protected":false},"author":2,"featured_media":11213,"comment_status":"closed","ping_status":"closed","sticky":false,"template":"elementor_header_footer","format":"standard","meta":{"_jetpack_memberships_contains_paid_content":false,"footnotes":""},"categories":[1],"tags":[],"class_list":["post-11189","post","type-post","status-publish","format-standard","has-post-thumbnail","hentry","category-ultimas-noticias"],"jetpack_featured_media_url":"https:\/\/www.stj.cv\/wp-content\/uploads\/2024\/09\/Foto-2.jpeg","jetpack_sharing_enabled":true,"_links":{"self":[{"href":"https:\/\/www.stj.cv\/index.php\/wp-json\/wp\/v2\/posts\/11189","targetHints":{"allow":["GET"]}}],"collection":[{"href":"https:\/\/www.stj.cv\/index.php\/wp-json\/wp\/v2\/posts"}],"about":[{"href":"https:\/\/www.stj.cv\/index.php\/wp-json\/wp\/v2\/types\/post"}],"author":[{"embeddable":true,"href":"https:\/\/www.stj.cv\/index.php\/wp-json\/wp\/v2\/users\/2"}],"replies":[{"embeddable":true,"href":"https:\/\/www.stj.cv\/index.php\/wp-json\/wp\/v2\/comments?post=11189"}],"version-history":[{"count":7,"href":"https:\/\/www.stj.cv\/index.php\/wp-json\/wp\/v2\/posts\/11189\/revisions"}],"predecessor-version":[{"id":11199,"href":"https:\/\/www.stj.cv\/index.php\/wp-json\/wp\/v2\/posts\/11189\/revisions\/11199"}],"wp:featuredmedia":[{"embeddable":true,"href":"https:\/\/www.stj.cv\/index.php\/wp-json\/wp\/v2\/media\/11213"}],"wp:attachment":[{"href":"https:\/\/www.stj.cv\/index.php\/wp-json\/wp\/v2\/media?parent=11189"}],"wp:term":[{"taxonomy":"category","embeddable":true,"href":"https:\/\/www.stj.cv\/index.php\/wp-json\/wp\/v2\/categories?post=11189"},{"taxonomy":"post_tag","embeddable":true,"href":"https:\/\/www.stj.cv\/index.php\/wp-json\/wp\/v2\/tags?post=11189"}],"curies":[{"name":"wp","href":"https:\/\/api.w.org\/{rel}","templated":true}]}}