{"id":10207,"date":"2024-05-17T09:52:44","date_gmt":"2024-05-17T10:52:44","guid":{"rendered":"https:\/\/www.stj.cv\/?p=10207"},"modified":"2024-05-17T10:26:06","modified_gmt":"2024-05-17T11:26:06","slug":"entrevista-ao-presidente-supremo-tribunal-da-justica-juiz-conselheiro-benfeito-mosso-ramos","status":"publish","type":"post","link":"https:\/\/www.stj.cv\/index.php\/2024\/05\/17\/entrevista-ao-presidente-supremo-tribunal-da-justica-juiz-conselheiro-benfeito-mosso-ramos\/","title":{"rendered":"Entrevista ao Presidente Supremo Tribunal da Justi\u00e7a, Juiz Conselheiro Benfeito Mosso Ramos."},"content":{"rendered":"\t\t<div data-elementor-type=\"wp-post\" data-elementor-id=\"10207\" class=\"elementor elementor-10207\">\n\t\t\t\t\t\t<section class=\"elementor-section elementor-top-section elementor-element elementor-element-bcde31a elementor-section-boxed elementor-section-height-default elementor-section-height-default\" data-id=\"bcde31a\" data-element_type=\"section\" data-e-type=\"section\">\n\t\t\t\t\t\t<div class=\"elementor-container elementor-column-gap-default\">\n\t\t\t\t\t<div class=\"elementor-column elementor-col-100 elementor-top-column elementor-element elementor-element-b433241\" data-id=\"b433241\" data-element_type=\"column\" data-e-type=\"column\">\n\t\t\t<div class=\"elementor-widget-wrap elementor-element-populated\">\n\t\t\t\t\t\t<div class=\"elementor-element elementor-element-a0390da elementor-widget elementor-widget-image\" data-id=\"a0390da\" data-element_type=\"widget\" data-e-type=\"widget\" data-widget_type=\"image.default\">\n\t\t\t\t<div class=\"elementor-widget-container\">\n\t\t\t\t\t\t\t\t\t\t\t\t\t\t\t<img fetchpriority=\"high\" decoding=\"async\" width=\"1024\" height=\"621\" src=\"https:\/\/www.stj.cv\/wp-content\/uploads\/2024\/05\/Dr-Benfeito-1-1024x621.jpg\" class=\"attachment-large size-large wp-image-10218\" alt=\"\" srcset=\"https:\/\/www.stj.cv\/wp-content\/uploads\/2024\/05\/Dr-Benfeito-1-1024x621.jpg 1024w, https:\/\/www.stj.cv\/wp-content\/uploads\/2024\/05\/Dr-Benfeito-1-300x182.jpg 300w, https:\/\/www.stj.cv\/wp-content\/uploads\/2024\/05\/Dr-Benfeito-1-768x466.jpg 768w, https:\/\/www.stj.cv\/wp-content\/uploads\/2024\/05\/Dr-Benfeito-1-1536x932.jpg 1536w, https:\/\/www.stj.cv\/wp-content\/uploads\/2024\/05\/Dr-Benfeito-1-600x364.jpg 600w, https:\/\/www.stj.cv\/wp-content\/uploads\/2024\/05\/Dr-Benfeito-1.jpg 1805w\" sizes=\"(max-width: 1024px) 100vw, 1024px\" \/>\t\t\t\t\t\t\t\t\t\t\t\t\t\t\t<\/div>\n\t\t\t\t<\/div>\n\t\t\t\t\t<\/div>\n\t\t<\/div>\n\t\t\t\t\t<\/div>\n\t\t<\/section>\n\t\t\t\t<section class=\"elementor-section elementor-top-section elementor-element elementor-element-8f0831f elementor-section-boxed elementor-section-height-default elementor-section-height-default\" data-id=\"8f0831f\" data-element_type=\"section\" data-e-type=\"section\">\n\t\t\t\t\t\t<div class=\"elementor-container elementor-column-gap-default\">\n\t\t\t\t\t<div class=\"elementor-column elementor-col-100 elementor-top-column elementor-element elementor-element-0a03d0a\" data-id=\"0a03d0a\" data-element_type=\"column\" data-e-type=\"column\">\n\t\t\t<div class=\"elementor-widget-wrap elementor-element-populated\">\n\t\t\t\t\t\t<div class=\"elementor-element elementor-element-d389542 elementor-widget elementor-widget-text-editor\" data-id=\"d389542\" data-element_type=\"widget\" data-e-type=\"widget\" data-widget_type=\"text-editor.default\">\n\t\t\t\t<div class=\"elementor-widget-container\">\n\t\t\t\t\t\t\t\t\t<h4>Entrevista ao Presidente Supremo Tribunal da Justi\u00e7a, Juiz Conselheiro Benfeito Mosso Ramos.<\/h4><div style=\"text-align: justify;\">\u00a0<span style=\"color: #050505; font-family: Garamond, serif; font-size: 14pt; font-weight: var( --e-global-typography-text-font-weight );\">O Presidente do Supremo Tribunal de Justi\u00e7a, Juiz Conselheiro Benfeito Mosso Ramos esteve nesta quarta feira, 15 de maio, no programa Caf\u00e9 Central, a convite da Radio de Cabo verde.<\/span><\/div><p style=\"margin-bottom: 0.0001pt; line-height: normal; background-position: initial; background-color: white;\"><span style=\"font-size: 14pt; font-family: Garamond, serif; color: #212529; background-position: initial; background-color: white;\">\u00a0<\/span><\/p><p style=\"margin-bottom: 0.0001pt; line-height: normal; background-position: initial; background-color: white;\"><span style=\"font-size: 14pt; font-family: Garamond, serif; color: #212529; background-position: initial; background-color: white;\">Em conversa com o jornalista Carlos Santos, foram abordados os seguintes temas:<\/span><\/p><p style=\"margin-bottom: 0.0001pt; text-indent: -36pt; line-height: normal; background-position: initial; background-color: white;\"><!-- [if !supportLists]--><b><span style=\"font-size: 14.0pt; font-family: 'Garamond',serif; mso-fareast-font-family: Garamond; mso-bidi-font-family: Garamond; color: #212529;\"><span style=\"font-variant-numeric: normal; font-variant-east-asian: normal; font-variant-alternates: normal; font-kerning: auto; font-optical-sizing: auto; font-feature-settings: normal; font-variation-settings: normal; font-variant-position: normal; font-weight: normal; font-stretch: normal; font-size: 7pt; line-height: normal; font-family: 'Times New Roman';\">\u00a0\u00a0\u00a0\u00a0\u00a0\u00a0 <\/span>i.<span style=\"font-variant-numeric: normal; font-variant-east-asian: normal; font-variant-alternates: normal; font-kerning: auto; font-optical-sizing: auto; font-feature-settings: normal; font-variation-settings: normal; font-variant-position: normal; font-weight: normal; font-stretch: normal; font-size: 7pt; line-height: normal; font-family: 'Times New Roman';\">\u00a0 \u00a0 \u00a0 \u00a0<\/span><\/span><\/b><span style=\"font-size: 14.0pt; font-family: 'Garamond',serif; mso-fareast-font-family: 'Times New Roman'; mso-bidi-font-family: 'Segoe UI Historic'; color: #050505; mso-fareast-language: PT;\">O protocolo de colabora\u00e7\u00e3o assinado entre Cabo Verde e Portugal, no \u00e2mbito da visita do Presidente do Supremo Tribunal de Justi\u00e7a de Portugal,\u00a0 \u00a0 \u00a0 \u00a0Henrique Ara\u00fajo.\u00a0 <\/span><\/p><p style=\"margin-bottom: 0.0001pt; text-indent: -36pt; line-height: normal; background-position: initial; background-color: white;\"><!-- [if !supportLists]--><b><span style=\"font-size: 14.0pt; font-family: 'Garamond',serif; mso-fareast-font-family: Garamond; mso-bidi-font-family: Garamond; color: #050505; mso-fareast-language: PT;\"><span style=\"font-variant-numeric: normal; font-variant-east-asian: normal; font-variant-alternates: normal; font-kerning: auto; font-optical-sizing: auto; font-feature-settings: normal; font-variation-settings: normal; font-variant-position: normal; font-weight: normal; font-stretch: normal; font-size: 7pt; line-height: normal; font-family: 'Times New Roman';\">\u00a0 \u00a0 \u00a0 \u00a0 \u00a0<\/span>ii.<span style=\"font-variant-numeric: normal; font-variant-east-asian: normal; font-variant-alternates: normal; font-kerning: auto; font-optical-sizing: auto; font-feature-settings: normal; font-variation-settings: normal; font-variant-position: normal; font-weight: normal; font-stretch: normal; font-size: 7pt; line-height: normal; font-family: 'Times New Roman';\">\u00a0\u00a0\u00a0\u00a0\u00a0\u00a0\u00a0\u00a0\u00a0\u00a0\u00a0 <\/span><\/span><\/b><!--[endif]--><span style=\"font-size: 14.0pt; font-family: 'Garamond',serif; mso-fareast-font-family: 'Times New Roman'; mso-bidi-font-family: 'Segoe UI Historic'; color: #050505; mso-fareast-language: PT;\">O f\u00f3rum dos Tribunais dos Judiciais da CPLP a ser realizada em Cabo Verde. <\/span><\/p><p style=\"margin-bottom: 0.0001pt; text-indent: -36pt; line-height: normal; background-position: initial; background-color: white;\"><!-- [if !supportLists]--><b><span style=\"font-size: 14.0pt; font-family: 'Garamond',serif; mso-fareast-font-family: Garamond; mso-bidi-font-family: Garamond; color: #050505; mso-fareast-language: PT;\"><span style=\"font-variant-numeric: normal; font-variant-east-asian: normal; font-variant-alternates: normal; font-kerning: auto; font-optical-sizing: auto; font-feature-settings: normal; font-variation-settings: normal; font-variant-position: normal; font-weight: normal; font-stretch: normal; font-size: 7pt; line-height: normal; font-family: 'Times New Roman';\">\u00a0 \u00a0 \u00a0 \u00a0<\/span>iii.<span style=\"font-variant-numeric: normal; font-variant-east-asian: normal; font-variant-alternates: normal; font-kerning: auto; font-optical-sizing: auto; font-feature-settings: normal; font-variation-settings: normal; font-variant-position: normal; font-weight: normal; font-stretch: normal; font-size: 7pt; line-height: normal; font-family: 'Times New Roman';\">\u00a0\u00a0\u00a0\u00a0\u00a0\u00a0\u00a0\u00a0\u00a0\u00a0\u00a0 <\/span><\/span><\/b><!--[endif]--><span style=\"font-size: 14.0pt; font-family: 'Garamond',serif; mso-fareast-font-family: 'Times New Roman'; mso-bidi-font-family: 'Segoe UI Historic'; color: #050505; mso-fareast-language: PT;\">Moderniza\u00e7\u00e3o dos Tribunais nomeadamente a tramita\u00e7\u00e3o eletr\u00f3nica dos processos.\u00a0 <\/span><\/p><p style=\"margin-bottom: 0.0001pt; line-height: normal; background-position: initial; background-color: white;\"><span style=\"font-size: 14.0pt; font-family: 'Garamond',serif; mso-fareast-font-family: 'Times New Roman'; mso-bidi-font-family: 'Segoe UI Historic'; color: #050505; mso-fareast-language: PT;\">\u00a0<\/span><\/p><p style=\"margin-bottom: 0.0001pt; line-height: normal; background-position: initial; background-color: white;\"><span style=\"font-size: 14.0pt; font-family: 'Garamond',serif; mso-fareast-font-family: 'Times New Roman'; mso-bidi-font-family: 'Segoe UI Historic'; color: #050505; mso-fareast-language: PT;\">Confira a entrevista na integra no link abaixo:<\/span><\/p><p style=\"margin-bottom: 0.0001pt; line-height: normal; background-position: initial; background-color: white;\"><span style=\"font-size: 14.0pt; font-family: 'Garamond',serif; mso-fareast-font-family: 'Times New Roman'; mso-bidi-font-family: 'Segoe UI Historic'; color: #050505; mso-fareast-language: PT;\">\u00a0<\/span><\/p><p style=\"margin-bottom: 0.0001pt; line-height: normal; background-position: initial; background-color: white;\"><a href=\"https:\/\/www.rtc.cv\/rcv\/audio-details\/com-dr-benfeito-mosso-ramos-presidente-do-supremo-tribunal-de-justica-de-cabo-verde-11116\"><span style=\"font-size: 14.0pt; font-family: 'Garamond',serif; mso-fareast-font-family: 'Times New Roman'; mso-bidi-font-family: 'Segoe UI Historic'; color: #050505; mso-fareast-language: PT;\">https:\/\/www.rtc.cv\/rcv\/audio-details\/com-dr-benfeito-mosso-ramos-presidente-do-supremo-tribunal-de-justica-de-cabo-verde-11116<\/span><\/a><\/p><p style=\"margin-bottom: 0.0001pt; line-height: normal; background-position: initial; background-color: white;\">\u00a0<\/p>\t\t\t\t\t\t\t\t<\/div>\n\t\t\t\t<\/div>\n\t\t\t\t\t<\/div>\n\t\t<\/div>\n\t\t\t\t\t<\/div>\n\t\t<\/section>\n\t\t\t\t<\/div>\n\t\t","protected":false},"excerpt":{"rendered":"<p>Entrevista ao Presidente Supremo Tribunal da Justi\u00e7a, Juiz Conselheiro Benfeito Mosso Ramos. \u00a0O Presidente do Supremo Tribunal de Justi\u00e7a, Juiz Conselheiro Benfeito Mosso Ramos esteve nesta quarta feira, 15 de maio, no programa Caf\u00e9 Central, a convite da Radio de Cabo verde. \u00a0 Em conversa com o jornalista Carlos Santos, foram abordados os seguintes temas: [&hellip;]<\/p>\n","protected":false},"author":2,"featured_media":10218,"comment_status":"closed","ping_status":"closed","sticky":false,"template":"elementor_header_footer","format":"standard","meta":{"_jetpack_memberships_contains_paid_content":false,"footnotes":""},"categories":[1],"tags":[],"class_list":["post-10207","post","type-post","status-publish","format-standard","has-post-thumbnail","hentry","category-ultimas-noticias"],"jetpack_featured_media_url":"https:\/\/www.stj.cv\/wp-content\/uploads\/2024\/05\/Dr-Benfeito-1.jpg","jetpack_sharing_enabled":true,"_links":{"self":[{"href":"https:\/\/www.stj.cv\/index.php\/wp-json\/wp\/v2\/posts\/10207","targetHints":{"allow":["GET"]}}],"collection":[{"href":"https:\/\/www.stj.cv\/index.php\/wp-json\/wp\/v2\/posts"}],"about":[{"href":"https:\/\/www.stj.cv\/index.php\/wp-json\/wp\/v2\/types\/post"}],"author":[{"embeddable":true,"href":"https:\/\/www.stj.cv\/index.php\/wp-json\/wp\/v2\/users\/2"}],"replies":[{"embeddable":true,"href":"https:\/\/www.stj.cv\/index.php\/wp-json\/wp\/v2\/comments?post=10207"}],"version-history":[{"count":10,"href":"https:\/\/www.stj.cv\/index.php\/wp-json\/wp\/v2\/posts\/10207\/revisions"}],"predecessor-version":[{"id":10221,"href":"https:\/\/www.stj.cv\/index.php\/wp-json\/wp\/v2\/posts\/10207\/revisions\/10221"}],"wp:featuredmedia":[{"embeddable":true,"href":"https:\/\/www.stj.cv\/index.php\/wp-json\/wp\/v2\/media\/10218"}],"wp:attachment":[{"href":"https:\/\/www.stj.cv\/index.php\/wp-json\/wp\/v2\/media?parent=10207"}],"wp:term":[{"taxonomy":"category","embeddable":true,"href":"https:\/\/www.stj.cv\/index.php\/wp-json\/wp\/v2\/categories?post=10207"},{"taxonomy":"post_tag","embeddable":true,"href":"https:\/\/www.stj.cv\/index.php\/wp-json\/wp\/v2\/tags?post=10207"}],"curies":[{"name":"wp","href":"https:\/\/api.w.org\/{rel}","templated":true}]}}