{"id":10152,"date":"2024-05-07T14:15:34","date_gmt":"2024-05-07T15:15:34","guid":{"rendered":"https:\/\/www.stj.cv\/?p=10152"},"modified":"2024-05-10T11:33:49","modified_gmt":"2024-05-10T12:33:49","slug":"presidente-do-stj-e-convidado-da-ordem-dos-medicos-duplicate-9948","status":"publish","type":"post","link":"https:\/\/www.stj.cv\/index.php\/2024\/05\/07\/presidente-do-stj-e-convidado-da-ordem-dos-medicos-duplicate-9948\/","title":{"rendered":"O Supremo Tribunal de Justi\u00e7a de Cabo Verde e de Portugal, assinaram na manh\u00e3 do dia 06 de maio, na Cidade da Praia, um protocolo de coopera\u00e7\u00e3o."},"content":{"rendered":"\t\t<div data-elementor-type=\"wp-post\" data-elementor-id=\"10152\" class=\"elementor elementor-10152\">\n\t\t\t\t\t\t<section class=\"elementor-section elementor-top-section elementor-element elementor-element-e33e945 elementor-section-boxed elementor-section-height-default elementor-section-height-default\" data-id=\"e33e945\" data-element_type=\"section\" data-e-type=\"section\">\n\t\t\t\t\t\t<div class=\"elementor-container elementor-column-gap-default\">\n\t\t\t\t\t<div class=\"elementor-column elementor-col-100 elementor-top-column elementor-element elementor-element-f97e1dc\" data-id=\"f97e1dc\" data-element_type=\"column\" data-e-type=\"column\">\n\t\t\t<div class=\"elementor-widget-wrap elementor-element-populated\">\n\t\t\t\t\t\t<div class=\"elementor-element elementor-element-2ba7332 elementor-widget elementor-widget-image\" data-id=\"2ba7332\" data-element_type=\"widget\" data-e-type=\"widget\" data-widget_type=\"image.default\">\n\t\t\t\t<div class=\"elementor-widget-container\">\n\t\t\t\t\t\t\t\t\t\t\t\t\t\t\t<img fetchpriority=\"high\" decoding=\"async\" width=\"1024\" height=\"683\" src=\"https:\/\/www.stj.cv\/wp-content\/uploads\/2024\/05\/BB4A6748-1024x683.jpg\" class=\"attachment-large size-large wp-image-10155\" alt=\"\" srcset=\"https:\/\/www.stj.cv\/wp-content\/uploads\/2024\/05\/BB4A6748-1024x683.jpg 1024w, https:\/\/www.stj.cv\/wp-content\/uploads\/2024\/05\/BB4A6748-300x200.jpg 300w, https:\/\/www.stj.cv\/wp-content\/uploads\/2024\/05\/BB4A6748-768x512.jpg 768w, https:\/\/www.stj.cv\/wp-content\/uploads\/2024\/05\/BB4A6748-1536x1024.jpg 1536w, https:\/\/www.stj.cv\/wp-content\/uploads\/2024\/05\/BB4A6748-2048x1365.jpg 2048w, https:\/\/www.stj.cv\/wp-content\/uploads\/2024\/05\/BB4A6748-600x400.jpg 600w\" sizes=\"(max-width: 1024px) 100vw, 1024px\" \/>\t\t\t\t\t\t\t\t\t\t\t\t\t\t\t<\/div>\n\t\t\t\t<\/div>\n\t\t\t\t\t<\/div>\n\t\t<\/div>\n\t\t\t\t\t<\/div>\n\t\t<\/section>\n\t\t\t\t<section class=\"elementor-section elementor-top-section elementor-element elementor-element-2810b21 elementor-section-boxed elementor-section-height-default elementor-section-height-default\" data-id=\"2810b21\" data-element_type=\"section\" data-e-type=\"section\">\n\t\t\t\t\t\t<div class=\"elementor-container elementor-column-gap-default\">\n\t\t\t\t\t<div class=\"elementor-column elementor-col-100 elementor-top-column elementor-element elementor-element-c9207d0\" data-id=\"c9207d0\" data-element_type=\"column\" data-e-type=\"column\">\n\t\t\t<div class=\"elementor-widget-wrap elementor-element-populated\">\n\t\t\t\t\t\t<div class=\"elementor-element elementor-element-4d998bd elementor-widget elementor-widget-text-editor\" data-id=\"4d998bd\" data-element_type=\"widget\" data-e-type=\"widget\" data-widget_type=\"text-editor.default\">\n\t\t\t\t<div class=\"elementor-widget-container\">\n\t\t\t\t\t\t\t\t\t<h4>O Supremo Tribunal de Justi\u00e7a de Cabo Verde e de Portugal, assinaram na manh\u00e3 do dia 06 de maio, na Cidade da Praia, um protocolo de coopera\u00e7\u00e3o.<\/h4><p class=\"MsoNormal\" style=\"line-height: 200%;\"><span style=\"font-size: 14.0pt; line-height: 200%; font-family: 'Garamond',serif; color: #212529;\">No \u00e2mbito da visita de S. Ex\u00aa Presidente do Supremo Tribunal de Justi\u00e7a de Portugal, Juiz Conselheiro Henrique Ara\u00fajo, a convite do seu hom\u00f3logo cabo-verdiano, S. Ex\u00aa Juiz Conselheiro Benfeito Mosso Ramos, que decorre com o intuito de aprofundamento das rela\u00e7\u00f5es de coopera\u00e7\u00e3o entre as duas institui\u00e7\u00f5es supremas judiciais, no dia 06 de maio do corrente ano foi acolhida a delega\u00e7\u00e3o de Sua Excel\u00eancia e realizada uma visita \u00e0s instala\u00e7\u00f5es do Supremo Tribunal de Justi\u00e7a, que culminou com a assinatura de um protocolo de coopera\u00e7\u00e3o formalizando um quadro regulativo para uma coopera\u00e7\u00e3o \u201cexpedita e eficiente\u201d entre as partes, com especial \u00eanfase para as vertentes do di\u00e1logo interinstitucional e do interc\u00e2mbio de experi\u00eancias e documenta\u00e7\u00e3o, sobretudo nos dom\u00ednios jurisprudencial e bibliogr\u00e1fico.<\/span><\/p><p class=\"MsoNormal\" style=\"line-height: 200%;\"><span style=\"font-size: 14.0pt; line-height: 200%; font-family: 'Garamond',serif; color: #212529;\">A visita do Presidente do Supremo Tribunal de Justi\u00e7a de Portugal, Dr. Henrique Ara\u00fajo, antecede o F\u00f3rum dos Presidentes dos Supremos Tribunais de Justi\u00e7a dos Pa\u00edses e Territ\u00f3rios de L\u00edngua Portuguesa, que tamb\u00e9m ter\u00e1 lugar na capital do pa\u00eds, cidade da Praia.<\/span><b><\/b><\/p><p class=\"MsoNormal\">\u00a0<\/p><p class=\"MsoNormal\" style=\"line-height: 150%;\"><b><span style=\"font-size: 14.0pt; line-height: 150%; font-family: 'Garamond',serif;\">\u00a0<\/span><\/b><\/p>\t\t\t\t\t\t\t\t<\/div>\n\t\t\t\t<\/div>\n\t\t\t\t\t<\/div>\n\t\t<\/div>\n\t\t\t\t\t<\/div>\n\t\t<\/section>\n\t\t\t\t<\/div>\n\t\t","protected":false},"excerpt":{"rendered":"<p>O Supremo Tribunal de Justi\u00e7a de Cabo Verde e de Portugal, assinaram na manh\u00e3 do dia 06 de maio, na Cidade da Praia, um protocolo de coopera\u00e7\u00e3o. No \u00e2mbito da visita de S. Ex\u00aa Presidente do Supremo Tribunal de Justi\u00e7a de Portugal, Juiz Conselheiro Henrique Ara\u00fajo, a convite do seu hom\u00f3logo cabo-verdiano, S. Ex\u00aa Juiz [&hellip;]<\/p>\n","protected":false},"author":2,"featured_media":10155,"comment_status":"closed","ping_status":"closed","sticky":false,"template":"elementor_header_footer","format":"standard","meta":{"_jetpack_memberships_contains_paid_content":false,"footnotes":""},"categories":[1],"tags":[],"class_list":["post-10152","post","type-post","status-publish","format-standard","has-post-thumbnail","hentry","category-ultimas-noticias"],"jetpack_featured_media_url":"https:\/\/www.stj.cv\/wp-content\/uploads\/2024\/05\/BB4A6748-scaled.jpg","jetpack_sharing_enabled":true,"_links":{"self":[{"href":"https:\/\/www.stj.cv\/index.php\/wp-json\/wp\/v2\/posts\/10152","targetHints":{"allow":["GET"]}}],"collection":[{"href":"https:\/\/www.stj.cv\/index.php\/wp-json\/wp\/v2\/posts"}],"about":[{"href":"https:\/\/www.stj.cv\/index.php\/wp-json\/wp\/v2\/types\/post"}],"author":[{"embeddable":true,"href":"https:\/\/www.stj.cv\/index.php\/wp-json\/wp\/v2\/users\/2"}],"replies":[{"embeddable":true,"href":"https:\/\/www.stj.cv\/index.php\/wp-json\/wp\/v2\/comments?post=10152"}],"version-history":[{"count":11,"href":"https:\/\/www.stj.cv\/index.php\/wp-json\/wp\/v2\/posts\/10152\/revisions"}],"predecessor-version":[{"id":10165,"href":"https:\/\/www.stj.cv\/index.php\/wp-json\/wp\/v2\/posts\/10152\/revisions\/10165"}],"wp:featuredmedia":[{"embeddable":true,"href":"https:\/\/www.stj.cv\/index.php\/wp-json\/wp\/v2\/media\/10155"}],"wp:attachment":[{"href":"https:\/\/www.stj.cv\/index.php\/wp-json\/wp\/v2\/media?parent=10152"}],"wp:term":[{"taxonomy":"category","embeddable":true,"href":"https:\/\/www.stj.cv\/index.php\/wp-json\/wp\/v2\/categories?post=10152"},{"taxonomy":"post_tag","embeddable":true,"href":"https:\/\/www.stj.cv\/index.php\/wp-json\/wp\/v2\/tags?post=10152"}],"curies":[{"name":"wp","href":"https:\/\/api.w.org\/{rel}","templated":true}]}}